{"id":415,"date":"2020-11-26T15:00:20","date_gmt":"2020-11-26T14:00:20","guid":{"rendered":"http:\/\/ehc-mo.ch\/?p=415"},"modified":"2020-11-26T15:00:20","modified_gmt":"2020-11-26T14:00:20","slug":"mysports-league-clubs-planen-weiteres-vorgehen","status":"publish","type":"post","link":"https:\/\/ehc-mo.ch\/?p=415","title":{"rendered":"MySports League: Clubs planen weiteres Vorgehen"},"content":{"rendered":"\n<figure class=\"wp-block-image\"><img decoding=\"async\" src=\"https:\/\/www.sihf.ch\/media\/9162\/144a1123.jpg?anchor=center&amp;mode=crop&amp;quality=90&amp;maxHeight=2500&amp;maxWidth=2500&amp;height=552\" alt=\"144A1123.jpg\" title=\"144A1123.jpg\"\/><\/figure>\n\n\n\n<p>Die zw\u00f6lf Clubs der MySports League haben gestern Abend in einer Telefonkonferenz \u00fcber das weitere Vorgehen bez\u00fcglich Weiterf\u00fchrung ihrer Meisterschaft beraten. Einstimmig wurde dabei der \u00dcbergang in die Covid-Phase 2 beschlossen.<\/p>\n\n\n\n<p>Seit dem Unterbruch der Meisterschaft in der MSL vom 23. Oktober haben sowohl die Clubs wie auch die Ligaleitung seitens SIHF die aktuelle Lage st\u00e4ndig beobachtet und analysiert. Die Situation hat sich seither bez\u00fcglich einer allf\u00e4lligen Weiterf\u00fchrung des Spielbetriebs nicht ver\u00e4ndert. Nach wie vor gibt es keine Terminierung der bundesr\u00e4tlichen Massnahmen, welche die Ausf\u00fchrung von Wettk\u00e4mpfen mit K\u00f6rperkontakt momentan verbieten.<\/p>\n\n\n\n<p>Die Clubs der MSL haben darum gestern folgende Massnahmen getroffen:<\/p>\n\n\n\n<p><strong>\u00dcbergang in Covid-19 Phase 2:\u00a0<\/strong>Gem\u00e4ss der im Vorfeld definierten und von den relevanten Gremien abgesegneten Eventualit\u00e4tspl\u00e4ne, obliegt es der Ligaversammlung der MSL den \u00dcbergang von Phase 1 (\u00abNormaler Modus\u00bb) zu Phase 2 (\u00abGe\u00e4nderter Modus\u00bb) zu bestimmen. Dieser \u00dcbergang wurde gestern einstimmig beschlossen. Konkret bedeutet das, dass in der laufenden Saison auch bei einem Wiederbeginn keine Playoffs gespielt werden. Ein allf\u00e4lliger Meister und Aufsteiger wird in einem anderen Spielmodus ermittelt. Wie dieser Modus aussieht, wird momentan noch bewusst offen gelassen. So wollen sich die Clubs und die Ligaleitung m\u00f6glichst viel Flexibilit\u00e4t bewahren, je nach Zeitpunkt und Gegebenheiten einer m\u00f6glichen Wiederaufnahme des Spielbetriebs.<br>Die Clubs haben zudem entschieden, die seit dem Unterbruch verpassten Spielrunden nicht mehr nachzuholen.<br>Die Streichung der Abstiege f\u00fcr die aktuelle Saison wurde \u00fcber die gesamte Regio League bereits am 9. November bestimmt.<br><\/p>\n\n\n\n<p><strong>Aktivierung der Option Punktequotient:\u00a0<\/strong>Die Covid-19 Phase 2 sieht die Option vor, die Tabelle nach Punktequotient (Punkte pro Spiel) zu f\u00fchren, falls nicht mehr alle geplanten Runden der Meisterschaft gespielt werden k\u00f6nnen. Dies ist nun der Fall und die Clubs haben die Aktivierung der Option Punktequotient ebenfalls einstimmig beschlossen.<\/p>\n\n\n\n<p>Grunds\u00e4tzlich gilt es festzuhalten, dass es nach wie vor das Ziel der Ligaleitung sowie der Clubs ist, die Meisterschaft fortsetzen zu k\u00f6nnen. Die Planungsunsicherheit \u00fcber den Zeitpunkt einer Wiederaufnahme des Spielbetriebs stellt die gesamte MSL vor grosse Herausforderungen. Die Clubs sind aber gewillt ihr M\u00f6glichstes zu tun, damit in der MSL in der Saison 2020\/21 wieder Eishockey gespielt wird.<\/p>\n\n\n\n<p>F\u00fcr die restlichen Ligen der Regio League sind die gleichen Prozesse momentan im Gang. Nach der Sitzung des Nachwuchs- und Amateursport Committee (NAC) vom Samstag, 28. Januar, wird es m\u00f6glich sein einen \u00dcberblick zu liefern, wie sich die Situation allgemein in der RL darstellt.<\/p>\n\n\n\n<p><a href=\"https:\/\/www.sihf.ch\/de\/mysports-league\/news\/#\/article\/2020-11-26\/mysports-league-clubs-planen-weiteres-vorgehen\">https:\/\/www.sihf.ch\/de\/mysports-league\/news\/#\/article\/2020-11-26\/mysports-league-clubs-planen-weiteres-vorgehen<\/a><\/p>\n","protected":false},"excerpt":{"rendered":"<p>Die zw\u00f6lf Clubs der MySports League haben gestern Abend in einer Telefonkonferenz \u00fcber das weitere Vorgehen bez\u00fcglich Weiterf\u00fchrung ihrer Meisterschaft beraten. Einstimmig wurde dabei der \u00dcbergang in die Covid-Phase 2 beschlossen. Seit dem Unterbruch der Meisterschaft in der MSL vom 23. Oktober haben sowohl die Clubs wie auch die Ligaleitung seitens SIHF die aktuelle Lage &hellip; <\/p>\n<p class=\"link-more\"><a href=\"https:\/\/ehc-mo.ch\/?p=415\" class=\"more-link\"><span class=\"screen-reader-text\">&#171;MySports League: Clubs planen weiteres Vorgehen&#187;<\/span> weiterlesen<\/a><\/p>\n","protected":false},"author":1,"featured_media":0,"comment_status":"open","ping_status":"closed","sticky":false,"template":"","format":"standard","meta":{"footnotes":""},"categories":[1],"tags":[],"class_list":["post-415","post","type-post","status-publish","format-standard","hentry","category-uncategorized"],"_links":{"self":[{"href":"https:\/\/ehc-mo.ch\/index.php?rest_route=\/wp\/v2\/posts\/415","targetHints":{"allow":["GET"]}}],"collection":[{"href":"https:\/\/ehc-mo.ch\/index.php?rest_route=\/wp\/v2\/posts"}],"about":[{"href":"https:\/\/ehc-mo.ch\/index.php?rest_route=\/wp\/v2\/types\/post"}],"author":[{"embeddable":true,"href":"https:\/\/ehc-mo.ch\/index.php?rest_route=\/wp\/v2\/users\/1"}],"replies":[{"embeddable":true,"href":"https:\/\/ehc-mo.ch\/index.php?rest_route=%2Fwp%2Fv2%2Fcomments&post=415"}],"version-history":[{"count":1,"href":"https:\/\/ehc-mo.ch\/index.php?rest_route=\/wp\/v2\/posts\/415\/revisions"}],"predecessor-version":[{"id":416,"href":"https:\/\/ehc-mo.ch\/index.php?rest_route=\/wp\/v2\/posts\/415\/revisions\/416"}],"wp:attachment":[{"href":"https:\/\/ehc-mo.ch\/index.php?rest_route=%2Fwp%2Fv2%2Fmedia&parent=415"}],"wp:term":[{"taxonomy":"category","embeddable":true,"href":"https:\/\/ehc-mo.ch\/index.php?rest_route=%2Fwp%2Fv2%2Fcategories&post=415"},{"taxonomy":"post_tag","embeddable":true,"href":"https:\/\/ehc-mo.ch\/index.php?rest_route=%2Fwp%2Fv2%2Ftags&post=415"}],"curies":[{"name":"wp","href":"https:\/\/api.w.org\/{rel}","templated":true}]}}